{"id":74,"date":"2024-06-01T09:03:00","date_gmt":"2024-06-01T09:03:00","guid":{"rendered":"http:\/\/xtratheme.com\/default\/?p=74"},"modified":"2025-07-04T18:13:47","modified_gmt":"2025-07-04T18:13:47","slug":"dance-first-think-later","status":"publish","type":"post","link":"https:\/\/r-events.net\/tr\/dance-first-think-later\/","title":{"rendered":"Flensburg\u2019da \u015eivan Perwer ile Alt\u0131n J\u00fcbile Kutlamas\u0131"},"content":{"rendered":"\t\t<div data-elementor-type=\"wp-post\" data-elementor-id=\"74\" class=\"elementor elementor-74\">\n\t\t\t\t<div class=\"elementor-element elementor-element-b1a9897 e-con-full e-flex e-con e-parent\" data-id=\"b1a9897\" data-element_type=\"container\" data-e-type=\"container\">\n\t\t\t\t<div class=\"elementor-element elementor-element-8602f93 elementor-widget elementor-widget-cz_text_marquee\" data-id=\"8602f93\" data-element_type=\"widget\" data-e-type=\"widget\" data-widget_type=\"cz_text_marquee.default\">\n\t\t\t\t<div class=\"elementor-widget-container\">\n\t\t\t\t\t\t\t<div class=\"cz_text_marquee\"  data-duration=\"8000\" data-direction=\"left\" data-duplicated=\"false\" data-gap=\"100\">\r\n\t\t\t<p><strong><span style=\"font-size: 50px\">Flensburg\u2019da \u015eivan Perwer ile Alt\u0131n J\u00fcbile Kutlamas\u0131<\/span><\/strong><\/p>\t\t<\/div>\r\n\r\n\t\t\t\t\t\t<\/div>\n\t\t\t\t<\/div>\n\t\t\t\t<div class=\"elementor-element elementor-element-3d00576 elementor-widget elementor-widget-image\" data-id=\"3d00576\" data-element_type=\"widget\" data-e-type=\"widget\" data-widget_type=\"image.default\">\n\t\t\t\t<div class=\"elementor-widget-container\">\n\t\t\t\t\t\t\t\t\t\t\t\t\t\t\t<img fetchpriority=\"high\" decoding=\"async\" width=\"1024\" height=\"664\" src=\"data:image\/svg+xml,%3Csvg%20xmlns%3D&#39;http%3A%2F%2Fwww.w3.org%2F2000%2Fsvg&#39;%20width=&#39;1024&#39;%20height=&#39;664&#39;%20viewBox%3D&#39;0%200%201024%20664&#39;%2F%3E\" data-czlz data-src=\"https:\/\/r-events.net\/tr\/wp-content\/uploads\/2025\/06\/SivanKonzert-13-1-1024x664.jpg\" class=\"attachment-large size-large wp-image-2406\" alt=\"\" data-srcset=\"https:\/\/r-events.net\/tr\/wp-content\/uploads\/2025\/06\/SivanKonzert-13-1-1024x664.jpg 1024w, https:\/\/r-events.net\/tr\/wp-content\/uploads\/2025\/06\/SivanKonzert-13-1-300x195.jpg 300w, https:\/\/r-events.net\/tr\/wp-content\/uploads\/2025\/06\/SivanKonzert-13-1-768x498.jpg 768w, https:\/\/r-events.net\/tr\/wp-content\/uploads\/2025\/06\/SivanKonzert-13-1-1536x996.jpg 1536w, https:\/\/r-events.net\/tr\/wp-content\/uploads\/2025\/06\/SivanKonzert-13-1-600x389.jpg 600w, https:\/\/r-events.net\/tr\/wp-content\/uploads\/2025\/06\/SivanKonzert-13-1-1000x649.jpg 1000w, https:\/\/r-events.net\/tr\/wp-content\/uploads\/2025\/06\/SivanKonzert-13-1.jpg 1619w\" data-sizes=\"(max-width: 1024px) 100vw, 1024px\" \/>\t\t\t\t\t\t\t\t\t\t\t\t\t\t\t<\/div>\n\t\t\t\t<\/div>\n\t\t\t\t<div class=\"elementor-element elementor-element-de3a3be elementor-widget elementor-widget-cz_title\" data-id=\"de3a3be\" data-element_type=\"widget\" data-e-type=\"widget\" data-widget_type=\"cz_title.default\">\n\t\t\t\t<div class=\"elementor-widget-container\">\n\t\t\t\t\t\t\r\n\t\t<div>\r\n\t\t\t<div class=\"cz_title clr cz_title_pos_inline\"><div class=\"cz_title_content\"><div class=\"cz_wpe_content\"><p><strong>Deutsche Haus \u2013 1 May\u0131s 2025 <\/strong><br \/><strong>1 May\u0131s 2025 ak\u015fam\u0131 Flensburg \u015fehri unutulmaz tarihi bir ana tan\u0131kl\u0131k etti Efsanevi K\u00fcrt sanat\u00e7\u0131 \u015eivan Perwer m\u00fczik ve sanat yolculu\u011funa ba\u015flamas\u0131n\u0131n 50 y\u0131l\u0131n\u0131 \u00f6zel bir konserle Deutsche Haus\u2019ta kutlad\u0131 <\/strong><br \/><strong>Bu sadece bir konser de\u011fildi yarat\u0131c\u0131l\u0131kla m\u00fccadeleyle ve g\u00fc\u00e7l\u00fc do\u011fru s\u00f6zlerle dolu bir hayata sayg\u0131 duru\u015fuydu <\/strong><br \/><strong>Geni\u015f ve \u00e7e\u015fitli bir izleyici kitlesi halk\u0131n sesiyle bu d\u00f6n\u00fcm noktas\u0131n\u0131 kutlamak i\u00e7in bir araya geldi Bu gece nostaljiyle gururu sevin\u00e7le derin takdiri birle\u015ftirdi <\/strong><br \/><strong>Derin sesi ve etkileyici varl\u0131\u011f\u0131yla \u015eivan Perwer izleyicileri be\u015f on y\u0131l\u0131 kapsayan bir m\u00fczikal yolculu\u011fa \u00e7\u0131kard\u0131 Sevgi kimlik ve haf\u0131zayla \u00f6r\u00fcl\u00fc ortak bir ba\u011f\u0131 yeniden canland\u0131rd\u0131 <\/strong><br \/><strong>Alk\u0131\u015flar sadece hayranl\u0131k de\u011fil bir ulusun ruhunu \u015fekillendiren bir sanat\u00e7\u0131ya duyulan i\u00e7ten minnettarl\u0131kt\u0131 <\/strong><br \/><strong>R-Events taraf\u0131ndan d\u00fczenlenen ve ev sahipli\u011fi yap\u0131lan bu gece topluluk ba\u011flar\u0131n\u0131 g\u00fc\u00e7lendirmek ve K\u00fcrt k\u00fclt\u00fcr\u00fcn\u00fc gurur sayg\u0131 ve birlik dolu bir atmosferde kutlamak i\u00e7in bir f\u0131rsatt\u0131 <\/strong><br \/><strong>R-Events olarak m\u00fczi\u011fin insanlar\u0131 bir araya getirdi\u011fine ve sonsuza dek s\u00fcrecek anlar yaratt\u0131\u011f\u0131na inan\u0131yoruz <\/strong><br \/><strong>\u0130\u015fte bu unutulmaz geceden objektifimize yans\u0131yan birka\u00e7 kare <\/strong><br \/><strong>Bu \u00f6zel geceye kat\u0131lan herkese te\u015fekk\u00fcr ederiz Ka\u00e7\u0131ranlar i\u00e7in \u00fcz\u00fclmeyin R-Events ile daha bir\u00e7ok k\u00fclt\u00fcrel etkinlik yolda <\/strong><br \/><strong>Bizi takip edin<\/strong> <\/p><\/div><\/div><\/div>\r\n\t\t<\/div>\r\n\t\t\r\n\t\t\t\t\t\t<\/div>\n\t\t\t\t<\/div>\n\t\t\t\t<div class=\"elementor-element elementor-element-e21bf79 elementor-shape-rounded elementor-grid-0 e-grid-align-center elementor-widget elementor-widget-social-icons\" data-id=\"e21bf79\" data-element_type=\"widget\" data-e-type=\"widget\" data-widget_type=\"social-icons.default\">\n\t\t\t\t<div class=\"elementor-widget-container\">\n\t\t\t\t\t\t\t<div class=\"elementor-social-icons-wrapper elementor-grid\" role=\"list\">\n\t\t\t\t\t\t\t<span class=\"elementor-grid-item\" role=\"listitem\">\n\t\t\t\t\t<a class=\"elementor-icon elementor-social-icon elementor-social-icon-facebook elementor-repeater-item-1882f77\" href=\"https:\/\/www.facebook.com\/profile.php?id=61575691696534\" target=\"_blank\">\n\t\t\t\t\t\t<span class=\"elementor-screen-only\">Facebook<\/span>\n\t\t\t\t\t\t<i aria-hidden=\"true\" class=\"fab fa-facebook\"><\/i>\t\t\t\t\t<\/a>\n\t\t\t\t<\/span>\n\t\t\t\t\t\t\t<span class=\"elementor-grid-item\" role=\"listitem\">\n\t\t\t\t\t<a class=\"elementor-icon elementor-social-icon elementor-social-icon-instagram elementor-repeater-item-6b47a91\" href=\"https:\/\/www.instagram.com\/r_events_eu\/?igsh=MW1od3N1eTk4dHVnbw%3D%3D#\" target=\"_blank\">\n\t\t\t\t\t\t<span class=\"elementor-screen-only\">Instagram<\/span>\n\t\t\t\t\t\t<i aria-hidden=\"true\" class=\"fab fa-instagram\"><\/i>\t\t\t\t\t<\/a>\n\t\t\t\t<\/span>\n\t\t\t\t\t\t\t<span class=\"elementor-grid-item\" role=\"listitem\">\n\t\t\t\t\t<a class=\"elementor-icon elementor-social-icon elementor-social-icon-tiktok elementor-repeater-item-031af70\" href=\"https:\/\/www.tiktok.com\/@r.events.de?_t=ZN-8xTaUFqUtDa&#038;_r=1\" target=\"_blank\">\n\t\t\t\t\t\t<span class=\"elementor-screen-only\">Tiktok<\/span>\n\t\t\t\t\t\t<i aria-hidden=\"true\" class=\"fab fa-tiktok\"><\/i>\t\t\t\t\t<\/a>\n\t\t\t\t<\/span>\n\t\t\t\t\t<\/div>\n\t\t\t\t\t\t<\/div>\n\t\t\t\t<\/div>\n\t\t\t\t<div class=\"elementor-element elementor-element-29f4166 elementor-widget elementor-widget-image-gallery\" data-id=\"29f4166\" data-element_type=\"widget\" data-e-type=\"widget\" data-widget_type=\"image-gallery.default\">\n\t\t\t\t<div class=\"elementor-widget-container\">\n\t\t\t\t\t\t\t<div class=\"elementor-image-gallery\">\n\t\t\t\n<a data-elementor-open-lightbox=\"yes\" data-elementor-lightbox-slideshow=\"29f4166\" data-elementor-lightbox-title=\"a\" data-e-action-hash=\"#elementor-action%3Aaction%3Dlightbox%26settings%3DeyJpZCI6MjUxNywidXJsIjoiaHR0cHM6XC9cL3ItZXZlbnRzLm5ldFwvdHJcL3dwLWNvbnRlbnRcL3VwbG9hZHNcLzIwMjVcLzA2XC9hLTQuanBnIiwic2xpZGVzaG93IjoiMjlmNDE2NiJ9\" href='https:\/\/r-events.net\/tr\/wp-content\/uploads\/2025\/06\/a-4.jpg'><img decoding=\"async\" width=\"600\" height=\"600\" src=\"data:image\/svg+xml,%3Csvg%20xmlns%3D&#39;http%3A%2F%2Fwww.w3.org%2F2000%2Fsvg&#39;%20width=&#39;600&#39;%20height=&#39;600&#39;%20viewBox%3D&#39;0%200%20600%20600&#39;%2F%3E\" data-czlz data-src=\"https:\/\/r-events.net\/tr\/wp-content\/uploads\/2025\/06\/a-4-600x600.jpg\" class=\"attachment-woocommerce_thumbnail size-woocommerce_thumbnail\" alt=\"\" data-srcset=\"https:\/\/r-events.net\/tr\/wp-content\/uploads\/2025\/06\/a-4-600x600.jpg 600w, https:\/\/r-events.net\/tr\/wp-content\/uploads\/2025\/06\/a-4-150x150.jpg 150w, https:\/\/r-events.net\/tr\/wp-content\/uploads\/2025\/06\/a-4-100x100.jpg 100w\" data-sizes=\"(max-width: 600px) 100vw, 600px\" \/><\/a>\n<a data-elementor-open-lightbox=\"yes\" data-elementor-lightbox-slideshow=\"29f4166\" data-elementor-lightbox-title=\"SivanKonzert (6)\" data-e-action-hash=\"#elementor-action%3Aaction%3Dlightbox%26settings%3DeyJpZCI6MjU0MiwidXJsIjoiaHR0cHM6XC9cL3ItZXZlbnRzLm5ldFwvdHJcL3dwLWNvbnRlbnRcL3VwbG9hZHNcLzIwMjRcLzA2XC9TaXZhbktvbnplcnQtNi5qcGciLCJzbGlkZXNob3ciOiIyOWY0MTY2In0%3D\" href='https:\/\/r-events.net\/tr\/wp-content\/uploads\/2024\/06\/SivanKonzert-6.jpg'><img decoding=\"async\" width=\"600\" height=\"600\" src=\"data:image\/svg+xml,%3Csvg%20xmlns%3D&#39;http%3A%2F%2Fwww.w3.org%2F2000%2Fsvg&#39;%20width=&#39;600&#39;%20height=&#39;600&#39;%20viewBox%3D&#39;0%200%20600%20600&#39;%2F%3E\" data-czlz data-src=\"https:\/\/r-events.net\/tr\/wp-content\/uploads\/2024\/06\/SivanKonzert-6-600x600.jpg\" class=\"attachment-woocommerce_thumbnail size-woocommerce_thumbnail\" alt=\"\" data-srcset=\"https:\/\/r-events.net\/tr\/wp-content\/uploads\/2024\/06\/SivanKonzert-6-600x600.jpg 600w, https:\/\/r-events.net\/tr\/wp-content\/uploads\/2024\/06\/SivanKonzert-6-150x150.jpg 150w, https:\/\/r-events.net\/tr\/wp-content\/uploads\/2024\/06\/SivanKonzert-6-100x100.jpg 100w\" data-sizes=\"(max-width: 600px) 100vw, 600px\" \/><\/a>\n<a data-elementor-open-lightbox=\"yes\" data-elementor-lightbox-slideshow=\"29f4166\" data-elementor-lightbox-title=\"SivanKonzert (26)\" data-e-action-hash=\"#elementor-action%3Aaction%3Dlightbox%26settings%3DeyJpZCI6MjU0MCwidXJsIjoiaHR0cHM6XC9cL3ItZXZlbnRzLm5ldFwvdHJcL3dwLWNvbnRlbnRcL3VwbG9hZHNcLzIwMjRcLzA2XC9TaXZhbktvbnplcnQtMjYuanBnIiwic2xpZGVzaG93IjoiMjlmNDE2NiJ9\" href='https:\/\/r-events.net\/tr\/wp-content\/uploads\/2024\/06\/SivanKonzert-26.jpg'><img loading=\"lazy\" decoding=\"async\" width=\"600\" height=\"600\" src=\"data:image\/svg+xml,%3Csvg%20xmlns%3D&#39;http%3A%2F%2Fwww.w3.org%2F2000%2Fsvg&#39;%20width=&#39;600&#39;%20height=&#39;600&#39;%20viewBox%3D&#39;0%200%20600%20600&#39;%2F%3E\" data-czlz data-src=\"https:\/\/r-events.net\/tr\/wp-content\/uploads\/2024\/06\/SivanKonzert-26-600x600.jpg\" class=\"attachment-woocommerce_thumbnail size-woocommerce_thumbnail\" alt=\"\" data-srcset=\"https:\/\/r-events.net\/tr\/wp-content\/uploads\/2024\/06\/SivanKonzert-26-600x600.jpg 600w, https:\/\/r-events.net\/tr\/wp-content\/uploads\/2024\/06\/SivanKonzert-26-150x150.jpg 150w, https:\/\/r-events.net\/tr\/wp-content\/uploads\/2024\/06\/SivanKonzert-26-100x100.jpg 100w\" data-sizes=\"(max-width: 600px) 100vw, 600px\" \/><\/a>\n<a data-elementor-open-lightbox=\"yes\" data-elementor-lightbox-slideshow=\"29f4166\" data-elementor-lightbox-title=\"SivanKonzert (28)\" data-e-action-hash=\"#elementor-action%3Aaction%3Dlightbox%26settings%3DeyJpZCI6MjU0MSwidXJsIjoiaHR0cHM6XC9cL3ItZXZlbnRzLm5ldFwvdHJcL3dwLWNvbnRlbnRcL3VwbG9hZHNcLzIwMjRcLzA2XC9TaXZhbktvbnplcnQtMjguanBnIiwic2xpZGVzaG93IjoiMjlmNDE2NiJ9\" href='https:\/\/r-events.net\/tr\/wp-content\/uploads\/2024\/06\/SivanKonzert-28.jpg'><img loading=\"lazy\" decoding=\"async\" width=\"600\" height=\"600\" src=\"data:image\/svg+xml,%3Csvg%20xmlns%3D&#39;http%3A%2F%2Fwww.w3.org%2F2000%2Fsvg&#39;%20width=&#39;600&#39;%20height=&#39;600&#39;%20viewBox%3D&#39;0%200%20600%20600&#39;%2F%3E\" data-czlz data-src=\"https:\/\/r-events.net\/tr\/wp-content\/uploads\/2024\/06\/SivanKonzert-28-600x600.jpg\" class=\"attachment-woocommerce_thumbnail size-woocommerce_thumbnail\" alt=\"\" data-srcset=\"https:\/\/r-events.net\/tr\/wp-content\/uploads\/2024\/06\/SivanKonzert-28-600x600.jpg 600w, https:\/\/r-events.net\/tr\/wp-content\/uploads\/2024\/06\/SivanKonzert-28-150x150.jpg 150w, https:\/\/r-events.net\/tr\/wp-content\/uploads\/2024\/06\/SivanKonzert-28-100x100.jpg 100w\" data-sizes=\"(max-width: 600px) 100vw, 600px\" \/><\/a>\n<a data-elementor-open-lightbox=\"yes\" data-elementor-lightbox-slideshow=\"29f4166\" data-elementor-lightbox-title=\"SivanKonzert (20)\" data-e-action-hash=\"#elementor-action%3Aaction%3Dlightbox%26settings%3DeyJpZCI6MjUzOSwidXJsIjoiaHR0cHM6XC9cL3ItZXZlbnRzLm5ldFwvdHJcL3dwLWNvbnRlbnRcL3VwbG9hZHNcLzIwMjRcLzA2XC9TaXZhbktvbnplcnQtMjAuanBnIiwic2xpZGVzaG93IjoiMjlmNDE2NiJ9\" href='https:\/\/r-events.net\/tr\/wp-content\/uploads\/2024\/06\/SivanKonzert-20.jpg'><img loading=\"lazy\" decoding=\"async\" width=\"600\" height=\"600\" src=\"data:image\/svg+xml,%3Csvg%20xmlns%3D&#39;http%3A%2F%2Fwww.w3.org%2F2000%2Fsvg&#39;%20width=&#39;600&#39;%20height=&#39;600&#39;%20viewBox%3D&#39;0%200%20600%20600&#39;%2F%3E\" data-czlz data-src=\"https:\/\/r-events.net\/tr\/wp-content\/uploads\/2024\/06\/SivanKonzert-20-600x600.jpg\" class=\"attachment-woocommerce_thumbnail size-woocommerce_thumbnail\" alt=\"\" data-srcset=\"https:\/\/r-events.net\/tr\/wp-content\/uploads\/2024\/06\/SivanKonzert-20-600x600.jpg 600w, https:\/\/r-events.net\/tr\/wp-content\/uploads\/2024\/06\/SivanKonzert-20-150x150.jpg 150w, https:\/\/r-events.net\/tr\/wp-content\/uploads\/2024\/06\/SivanKonzert-20-100x100.jpg 100w\" data-sizes=\"(max-width: 600px) 100vw, 600px\" \/><\/a>\n<a data-elementor-open-lightbox=\"yes\" data-elementor-lightbox-slideshow=\"29f4166\" data-elementor-lightbox-title=\"SivanKonzert (11)\" data-e-action-hash=\"#elementor-action%3Aaction%3Dlightbox%26settings%3DeyJpZCI6MjUzNywidXJsIjoiaHR0cHM6XC9cL3ItZXZlbnRzLm5ldFwvdHJcL3dwLWNvbnRlbnRcL3VwbG9hZHNcLzIwMjRcLzA2XC9TaXZhbktvbnplcnQtMTEuanBnIiwic2xpZGVzaG93IjoiMjlmNDE2NiJ9\" href='https:\/\/r-events.net\/tr\/wp-content\/uploads\/2024\/06\/SivanKonzert-11.jpg'><img loading=\"lazy\" decoding=\"async\" width=\"600\" height=\"600\" src=\"data:image\/svg+xml,%3Csvg%20xmlns%3D&#39;http%3A%2F%2Fwww.w3.org%2F2000%2Fsvg&#39;%20width=&#39;600&#39;%20height=&#39;600&#39;%20viewBox%3D&#39;0%200%20600%20600&#39;%2F%3E\" data-czlz data-src=\"https:\/\/r-events.net\/tr\/wp-content\/uploads\/2024\/06\/SivanKonzert-11-600x600.jpg\" class=\"attachment-woocommerce_thumbnail size-woocommerce_thumbnail\" alt=\"\" data-srcset=\"https:\/\/r-events.net\/tr\/wp-content\/uploads\/2024\/06\/SivanKonzert-11-600x600.jpg 600w, https:\/\/r-events.net\/tr\/wp-content\/uploads\/2024\/06\/SivanKonzert-11-150x150.jpg 150w, https:\/\/r-events.net\/tr\/wp-content\/uploads\/2024\/06\/SivanKonzert-11-100x100.jpg 100w\" data-sizes=\"(max-width: 600px) 100vw, 600px\" \/><\/a>\n<a data-elementor-open-lightbox=\"yes\" data-elementor-lightbox-slideshow=\"29f4166\" data-elementor-lightbox-title=\"SivanKonzert (3)\" data-e-action-hash=\"#elementor-action%3Aaction%3Dlightbox%26settings%3DeyJpZCI6MjUzNiwidXJsIjoiaHR0cHM6XC9cL3ItZXZlbnRzLm5ldFwvdHJcL3dwLWNvbnRlbnRcL3VwbG9hZHNcLzIwMjRcLzA2XC9TaXZhbktvbnplcnQtMy5qcGciLCJzbGlkZXNob3ciOiIyOWY0MTY2In0%3D\" href='https:\/\/r-events.net\/tr\/wp-content\/uploads\/2024\/06\/SivanKonzert-3.jpg'><img loading=\"lazy\" decoding=\"async\" width=\"600\" height=\"600\" src=\"data:image\/svg+xml,%3Csvg%20xmlns%3D&#39;http%3A%2F%2Fwww.w3.org%2F2000%2Fsvg&#39;%20width=&#39;600&#39;%20height=&#39;600&#39;%20viewBox%3D&#39;0%200%20600%20600&#39;%2F%3E\" data-czlz data-src=\"https:\/\/r-events.net\/tr\/wp-content\/uploads\/2024\/06\/SivanKonzert-3-600x600.jpg\" class=\"attachment-woocommerce_thumbnail size-woocommerce_thumbnail\" alt=\"\" data-srcset=\"https:\/\/r-events.net\/tr\/wp-content\/uploads\/2024\/06\/SivanKonzert-3-600x600.jpg 600w, https:\/\/r-events.net\/tr\/wp-content\/uploads\/2024\/06\/SivanKonzert-3-150x150.jpg 150w, https:\/\/r-events.net\/tr\/wp-content\/uploads\/2024\/06\/SivanKonzert-3-100x100.jpg 100w\" data-sizes=\"(max-width: 600px) 100vw, 600px\" \/><\/a>\n<a data-elementor-open-lightbox=\"yes\" data-elementor-lightbox-slideshow=\"29f4166\" data-elementor-lightbox-title=\"SivanKonzert (18)\" data-e-action-hash=\"#elementor-action%3Aaction%3Dlightbox%26settings%3DeyJpZCI6MjYyNCwidXJsIjoiaHR0cHM6XC9cL3ItZXZlbnRzLm5ldFwvdHJcL3dwLWNvbnRlbnRcL3VwbG9hZHNcLzIwMjVcLzA2XC9TaXZhbktvbnplcnQtMTguanBnIiwic2xpZGVzaG93IjoiMjlmNDE2NiJ9\" href='https:\/\/r-events.net\/tr\/wp-content\/uploads\/2025\/06\/SivanKonzert-18.jpg'><img loading=\"lazy\" decoding=\"async\" width=\"600\" height=\"600\" src=\"data:image\/svg+xml,%3Csvg%20xmlns%3D&#39;http%3A%2F%2Fwww.w3.org%2F2000%2Fsvg&#39;%20width=&#39;600&#39;%20height=&#39;600&#39;%20viewBox%3D&#39;0%200%20600%20600&#39;%2F%3E\" data-czlz data-src=\"https:\/\/r-events.net\/tr\/wp-content\/uploads\/2025\/06\/SivanKonzert-18-600x600.jpg\" class=\"attachment-woocommerce_thumbnail size-woocommerce_thumbnail\" alt=\"\" data-srcset=\"https:\/\/r-events.net\/tr\/wp-content\/uploads\/2025\/06\/SivanKonzert-18-600x600.jpg 600w, https:\/\/r-events.net\/tr\/wp-content\/uploads\/2025\/06\/SivanKonzert-18-150x150.jpg 150w, https:\/\/r-events.net\/tr\/wp-content\/uploads\/2025\/06\/SivanKonzert-18-100x100.jpg 100w\" data-sizes=\"(max-width: 600px) 100vw, 600px\" \/><\/a>\n<a data-elementor-open-lightbox=\"yes\" data-elementor-lightbox-slideshow=\"29f4166\" data-elementor-lightbox-title=\"SivanKonzert (2)\" data-e-action-hash=\"#elementor-action%3Aaction%3Dlightbox%26settings%3DeyJpZCI6MjYyNiwidXJsIjoiaHR0cHM6XC9cL3ItZXZlbnRzLm5ldFwvdHJcL3dwLWNvbnRlbnRcL3VwbG9hZHNcLzIwMjVcLzA2XC9TaXZhbktvbnplcnQtMi5qcGciLCJzbGlkZXNob3ciOiIyOWY0MTY2In0%3D\" href='https:\/\/r-events.net\/tr\/wp-content\/uploads\/2025\/06\/SivanKonzert-2.jpg'><img loading=\"lazy\" decoding=\"async\" width=\"600\" height=\"600\" src=\"data:image\/svg+xml,%3Csvg%20xmlns%3D&#39;http%3A%2F%2Fwww.w3.org%2F2000%2Fsvg&#39;%20width=&#39;600&#39;%20height=&#39;600&#39;%20viewBox%3D&#39;0%200%20600%20600&#39;%2F%3E\" data-czlz data-src=\"https:\/\/r-events.net\/tr\/wp-content\/uploads\/2025\/06\/SivanKonzert-2-600x600.jpg\" class=\"attachment-woocommerce_thumbnail size-woocommerce_thumbnail\" alt=\"\" data-srcset=\"https:\/\/r-events.net\/tr\/wp-content\/uploads\/2025\/06\/SivanKonzert-2-600x600.jpg 600w, https:\/\/r-events.net\/tr\/wp-content\/uploads\/2025\/06\/SivanKonzert-2-150x150.jpg 150w, https:\/\/r-events.net\/tr\/wp-content\/uploads\/2025\/06\/SivanKonzert-2-100x100.jpg 100w\" data-sizes=\"(max-width: 600px) 100vw, 600px\" \/><\/a>\n<a data-elementor-open-lightbox=\"yes\" data-elementor-lightbox-slideshow=\"29f4166\" data-elementor-lightbox-title=\"SivanKonzert (10)\" data-e-action-hash=\"#elementor-action%3Aaction%3Dlightbox%26settings%3DeyJpZCI6MjYyNSwidXJsIjoiaHR0cHM6XC9cL3ItZXZlbnRzLm5ldFwvdHJcL3dwLWNvbnRlbnRcL3VwbG9hZHNcLzIwMjVcLzA2XC9TaXZhbktvbnplcnQtMTAuanBnIiwic2xpZGVzaG93IjoiMjlmNDE2NiJ9\" href='https:\/\/r-events.net\/tr\/wp-content\/uploads\/2025\/06\/SivanKonzert-10.jpg'><img loading=\"lazy\" decoding=\"async\" width=\"600\" height=\"600\" src=\"data:image\/svg+xml,%3Csvg%20xmlns%3D&#39;http%3A%2F%2Fwww.w3.org%2F2000%2Fsvg&#39;%20width=&#39;600&#39;%20height=&#39;600&#39;%20viewBox%3D&#39;0%200%20600%20600&#39;%2F%3E\" data-czlz data-src=\"https:\/\/r-events.net\/tr\/wp-content\/uploads\/2025\/06\/SivanKonzert-10-600x600.jpg\" class=\"attachment-woocommerce_thumbnail size-woocommerce_thumbnail\" alt=\"\" data-srcset=\"https:\/\/r-events.net\/tr\/wp-content\/uploads\/2025\/06\/SivanKonzert-10-600x600.jpg 600w, https:\/\/r-events.net\/tr\/wp-content\/uploads\/2025\/06\/SivanKonzert-10-150x150.jpg 150w, https:\/\/r-events.net\/tr\/wp-content\/uploads\/2025\/06\/SivanKonzert-10-100x100.jpg 100w\" data-sizes=\"(max-width: 600px) 100vw, 600px\" \/><\/a>\n\t\t<\/div>\n\t\t\t\t\t\t<\/div>\n\t\t\t\t<\/div>\n\t\t\t\t<\/div>\n\t\t<div class=\"elementor-element elementor-element-32f97e5 e-flex e-con-boxed e-con e-parent\" data-id=\"32f97e5\" data-element_type=\"container\" data-e-type=\"container\">\n\t\t\t\t\t<div class=\"e-con-inner\">\n\t\t\t\t\t<\/div>\n\t\t\t\t<\/div>\n\t\t<div class=\"elementor-element elementor-element-1e9d5b2 e-flex e-con-boxed e-con e-parent\" data-id=\"1e9d5b2\" data-element_type=\"container\" data-e-type=\"container\">\n\t\t\t\t\t<div class=\"e-con-inner\">\n\t\t\t\t\t<\/div>\n\t\t\t\t<\/div>\n\t\t<div class=\"elementor-element elementor-element-8111f6e e-flex e-con-boxed e-con e-parent\" data-id=\"8111f6e\" data-element_type=\"container\" data-e-type=\"container\">\n\t\t\t\t\t<div class=\"e-con-inner\">\n\t\t\t\t\t<\/div>\n\t\t\t\t<\/div>\n\t\t\t\t<\/div>\n\t\t","protected":false},"excerpt":{"rendered":"<p>Flensburg\u2019da \u015eivan Perwer ile Alt\u0131n J\u00fcbile Kutlamas\u0131 Deutsche Haus \u2013 1 May\u0131s 2025 1 May\u0131s &#8230; <a class=\"cz_readmore\" href=\"https:\/\/r-events.net\/tr\/dance-first-think-later\/\"><i class=\"fa czico-189-arrows-1\" aria-hidden=\"true\"><\/i><span>Read More<\/span><\/a><\/p>\n","protected":false},"author":1,"featured_media":2406,"comment_status":"open","ping_status":"open","sticky":false,"template":"","format":"standard","meta":{"footnotes":""},"categories":[1],"tags":[26,30,32,35,36],"class_list":["post-74","post","type-post","status-publish","format-standard","has-post-thumbnail","hentry","category-uncategorized","tag-forward","tag-move","tag-project","tag-tip","tag-tips"],"_links":{"self":[{"href":"https:\/\/r-events.net\/tr\/wp-json\/wp\/v2\/posts\/74","targetHints":{"allow":["GET"]}}],"collection":[{"href":"https:\/\/r-events.net\/tr\/wp-json\/wp\/v2\/posts"}],"about":[{"href":"https:\/\/r-events.net\/tr\/wp-json\/wp\/v2\/types\/post"}],"author":[{"embeddable":true,"href":"https:\/\/r-events.net\/tr\/wp-json\/wp\/v2\/users\/1"}],"replies":[{"embeddable":true,"href":"https:\/\/r-events.net\/tr\/wp-json\/wp\/v2\/comments?post=74"}],"version-history":[{"count":28,"href":"https:\/\/r-events.net\/tr\/wp-json\/wp\/v2\/posts\/74\/revisions"}],"predecessor-version":[{"id":2761,"href":"https:\/\/r-events.net\/tr\/wp-json\/wp\/v2\/posts\/74\/revisions\/2761"}],"wp:featuredmedia":[{"embeddable":true,"href":"https:\/\/r-events.net\/tr\/wp-json\/wp\/v2\/media\/2406"}],"wp:attachment":[{"href":"https:\/\/r-events.net\/tr\/wp-json\/wp\/v2\/media?parent=74"}],"wp:term":[{"taxonomy":"category","embeddable":true,"href":"https:\/\/r-events.net\/tr\/wp-json\/wp\/v2\/categories?post=74"},{"taxonomy":"post_tag","embeddable":true,"href":"https:\/\/r-events.net\/tr\/wp-json\/wp\/v2\/tags?post=74"}],"curies":[{"name":"wp","href":"https:\/\/api.w.org\/{rel}","templated":true}]}}