{"id":74,"date":"2024-06-01T09:03:00","date_gmt":"2024-06-01T09:03:00","guid":{"rendered":"http:\/\/xtratheme.com\/default\/?p=74"},"modified":"2025-07-05T13:23:06","modified_gmt":"2025-07-05T13:23:06","slug":"dance-first-think-later","status":"publish","type":"post","link":"https:\/\/r-events.net\/ku\/dance-first-think-later\/","title":{"rendered":"P\u00eerozbah\u00eeya P\u00eanc\u00ee Sal\u00eeya huner\u00ee ya \u015eivan Perwer \u00ee,  Li Flensburg\u00ea!"},"content":{"rendered":"\t\t<div data-elementor-type=\"wp-post\" data-elementor-id=\"74\" class=\"elementor elementor-74\">\n\t\t\t\t<div class=\"elementor-element elementor-element-b1a9897 e-con-full e-flex e-con e-parent\" data-id=\"b1a9897\" data-element_type=\"container\" data-e-type=\"container\">\n\t\t\t\t<div class=\"elementor-element elementor-element-8602f93 elementor-widget elementor-widget-cz_text_marquee\" data-id=\"8602f93\" data-element_type=\"widget\" data-e-type=\"widget\" data-widget_type=\"cz_text_marquee.default\">\n\t\t\t\t<div class=\"elementor-widget-container\">\n\t\t\t\t\t\t\t<div class=\"cz_text_marquee\"  data-duration=\"8000\" data-direction=\"left\" data-duplicated=\"false\" data-gap=\"100\">\r\n\t\t\t<p><strong><span style=\"font-size: 50px\">P\u00eerozbah\u00eeya P\u00eanc\u00ee Sal\u00eeya huner\u00ee ya \u015eivan Perwer \u00ee, Li Flensburg\u00ea! <br \/><br \/><\/span><\/strong><\/p>\t\t<\/div>\r\n\r\n\t\t\t\t\t\t<\/div>\n\t\t\t\t<\/div>\n\t\t\t\t<div class=\"elementor-element elementor-element-3d00576 elementor-widget elementor-widget-image\" data-id=\"3d00576\" data-element_type=\"widget\" data-e-type=\"widget\" data-widget_type=\"image.default\">\n\t\t\t\t<div class=\"elementor-widget-container\">\n\t\t\t\t\t\t\t\t\t\t\t\t\t\t\t<img fetchpriority=\"high\" decoding=\"async\" width=\"1024\" height=\"664\" src=\"data:image\/svg+xml,%3Csvg%20xmlns%3D&#39;http%3A%2F%2Fwww.w3.org%2F2000%2Fsvg&#39;%20width=&#39;1024&#39;%20height=&#39;664&#39;%20viewBox%3D&#39;0%200%201024%20664&#39;%2F%3E\" data-czlz data-src=\"https:\/\/r-events.net\/ku\/wp-content\/uploads\/2025\/06\/SivanKonzert-13-1-1024x664.jpg\" class=\"attachment-large size-large wp-image-2406\" alt=\"\" data-srcset=\"https:\/\/r-events.net\/ku\/wp-content\/uploads\/2025\/06\/SivanKonzert-13-1-1024x664.jpg 1024w, https:\/\/r-events.net\/ku\/wp-content\/uploads\/2025\/06\/SivanKonzert-13-1-300x195.jpg 300w, https:\/\/r-events.net\/ku\/wp-content\/uploads\/2025\/06\/SivanKonzert-13-1-768x498.jpg 768w, https:\/\/r-events.net\/ku\/wp-content\/uploads\/2025\/06\/SivanKonzert-13-1-1536x996.jpg 1536w, https:\/\/r-events.net\/ku\/wp-content\/uploads\/2025\/06\/SivanKonzert-13-1-600x389.jpg 600w, https:\/\/r-events.net\/ku\/wp-content\/uploads\/2025\/06\/SivanKonzert-13-1-1000x649.jpg 1000w, https:\/\/r-events.net\/ku\/wp-content\/uploads\/2025\/06\/SivanKonzert-13-1.jpg 1619w\" data-sizes=\"(max-width: 1024px) 100vw, 1024px\" \/>\t\t\t\t\t\t\t\t\t\t\t\t\t\t\t<\/div>\n\t\t\t\t<\/div>\n\t\t\t\t<div class=\"elementor-element elementor-element-de3a3be elementor-widget elementor-widget-cz_title\" data-id=\"de3a3be\" data-element_type=\"widget\" data-e-type=\"widget\" data-widget_type=\"cz_title.default\">\n\t\t\t\t<div class=\"elementor-widget-container\">\n\t\t\t\t\t\t\r\n\t\t<div>\r\n\t\t\t<div class=\"cz_title clr cz_title_pos_inline\"><div class=\"cz_title_content\"><div class=\"cz_wpe_content\"><p><span style=\"font-size: 28px;\"><strong><span style=\"font-family: 'Lucida Sans Unicode';\">Deutsches Haus \u2013 1'\u00ea Gulan\u00ea 2025<\/span><\/strong><\/span><\/p><p><span style=\"font-size: 28px; font-weight: 500;\"><span style=\"font-family: 'Lucida Sans Unicode';\">\u00cavara 1'\u00ea Gulana 2025'an, bajar\u00ea Flensburg\u00ea serp\u00eahatiyeke d\u00eerok\u00ee ya jib\u00eernekir\u00ee <\/span><span style=\"font-family: 'Lucida Sans Unicode';\">j\u00eeyankir, Hunermend\u00ea Kurd \u00ea efsanew\u00ee \u015eivan Perwer konsereke taybet li Deutsches <\/span><\/span><span style=\"font-family: 'Lucida Sans Unicode'; font-size: 28px; font-weight: 500;\">Haus lidar xist bi boneya p\u00eanc\u00ee saliya xwe ya di muz\u00eek \u00fb huner\u00ea de.<\/span><\/p><p><br \/><span style=\"font-family: 'Lucida Sans Unicode'; font-size: 28px; font-weight: 500;\">Ev ne ten\u00ea konser b\u00fb ev hurmetek b\u00fb ji bo jiyanek tij\u00ee afir\u00eener\u00ee, t\u00eako\u015f\u00een \u00fb sitran\u00ean bi <\/span><br \/><span style=\"font-family: 'Lucida Sans Unicode'; font-size: 28px; font-weight: 500;\">h\u00eaz \u00fb ev\u00een. <\/span><br \/><span style=\"font-family: 'Lucida Sans Unicode'; font-size: 28px; font-weight: 500;\">Be\u015fdarb\u00fbyin cih\u00eareng li hev civiyan da ku v\u00ea salvegera gir\u00eeng p\u00eeroz bikin \u015fevek tij\u00ee <\/span><span style=\"font-family: 'Lucida Sans Unicode'; font-size: 28px; font-weight: 500;\">serbilind\u00ee, nostalj\u00ee, \u015fah\u00ee \u00fb qedirgirtineke k\u00fbr. <\/span><br \/><span style=\"font-family: 'Lucida Sans Unicode'; font-size: 28px; font-weight: 500;\">Bi deng\u00ea xwe y\u00ea bi bandor \u00fb heb\u00fbna xwe ya kar\u00eezmat\u00eek, \u015eivan Perwer tema\u015fevan bi <\/span><span style=\"font-family: 'Lucida Sans Unicode'; font-size: 28px; font-weight: 500;\">xwe re bir ser r\u00eaw\u00eetiyeke muz\u00eek\u00ee ya P\u00eanc\u00eesal\u00ee \u00fb di v\u00ea navber\u00ea de hestek hevpar a <\/span><span style=\"font-family: 'Lucida Sans Unicode'; font-size: 28px; font-weight: 500;\">ev\u00een, nasname \u00fb b\u00eeran\u00een\u00ea n\u00fb kir. <\/span><br \/><span style=\"font-family: 'Lucida Sans Unicode'; font-size: 28px; font-weight: 500;\">Ji h\u00eala R-Events ve hat organ\u00eezekirin \u00fb p\u00ea\u015fk\u00ea\u015fkirin, v\u00ea \u00eavar\u00ea derfetek p\u00ea\u015fk\u00ea\u015f kir ku <\/span><span style=\"font-family: 'Lucida Sans Unicode'; font-size: 28px; font-weight: 500;\">civak were xurtkirin \u00fb \u00e7anda Kurd\u00ee di atmosferek tij\u00ee serbilind\u00ee, r\u00eazgirtin \u00fb yek\u00eet\u00ee de <\/span><span style=\"font-family: 'Lucida Sans Unicode'; font-size: 28px; font-weight: 500;\">were p\u00eerozkirin.<\/span><\/p><p><br \/><span style=\"font-family: 'Lucida Sans Unicode'; font-size: 28px; font-weight: 500;\">Li R-Events, em bawer dikin ku muz\u00eek mirovan digih\u00eene hev \u00fb dem\u00ean jib\u00eernekir\u00ee <\/span><span style=\"font-family: 'Lucida Sans Unicode'; font-size: 28px; font-weight: 500;\">diafir\u00eene. <\/span><br \/><span style=\"font-family: 'Lucida Sans Unicode'; font-size: 28px; font-weight: 500;\">Spas ji bo her kes\u00ea ku v\u00ea \u00eavara taybet bi me re parve kir. <\/span><\/p><p><span style=\"font-family: 'Lucida Sans Unicode'; font-size: 28px; font-weight: 500;\">\u00db heke we ew \u00eavar ji dest <\/span><span style=\"font-family: 'Lucida Sans Unicode'; font-size: 28px; font-weight: 500;\">da xem tuneye! <\/span><\/p><p><span style=\"font-family: 'Lucida Sans Unicode'; font-size: 28px; font-weight: 500;\">D\u00ea b\u00eahtir b\u00fbyer\u00ean \u00e7and\u00ee y\u00ean gir\u00eeng hebin her dem bi R-Events re. <\/span><br \/><strong><span style=\"font-family: 'Lucida Sans Unicode'; font-size: 28px;\">Me bi\u015fop\u00eenin li ser:<\/span><\/strong><\/p><\/div><\/div><\/div>\r\n\t\t<\/div>\r\n\t\t\r\n\t\t\t\t\t\t<\/div>\n\t\t\t\t<\/div>\n\t\t\t\t<div class=\"elementor-element elementor-element-e21bf79 elementor-shape-rounded elementor-grid-0 e-grid-align-center elementor-widget elementor-widget-social-icons\" data-id=\"e21bf79\" data-element_type=\"widget\" data-e-type=\"widget\" data-widget_type=\"social-icons.default\">\n\t\t\t\t<div class=\"elementor-widget-container\">\n\t\t\t\t\t\t\t<div class=\"elementor-social-icons-wrapper elementor-grid\" role=\"list\">\n\t\t\t\t\t\t\t<span class=\"elementor-grid-item\" role=\"listitem\">\n\t\t\t\t\t<a class=\"elementor-icon elementor-social-icon elementor-social-icon-facebook elementor-repeater-item-1882f77\" href=\"https:\/\/www.facebook.com\/profile.php?id=61575691696534\" target=\"_blank\">\n\t\t\t\t\t\t<span class=\"elementor-screen-only\">Facebook<\/span>\n\t\t\t\t\t\t<i aria-hidden=\"true\" class=\"fab fa-facebook\"><\/i>\t\t\t\t\t<\/a>\n\t\t\t\t<\/span>\n\t\t\t\t\t\t\t<span class=\"elementor-grid-item\" role=\"listitem\">\n\t\t\t\t\t<a class=\"elementor-icon elementor-social-icon elementor-social-icon-instagram elementor-repeater-item-6b47a91\" href=\"https:\/\/www.instagram.com\/r_events_eu\/?igsh=MW1od3N1eTk4dHVnbw%3D%3D#\" target=\"_blank\">\n\t\t\t\t\t\t<span class=\"elementor-screen-only\">Instagram<\/span>\n\t\t\t\t\t\t<i aria-hidden=\"true\" class=\"fab fa-instagram\"><\/i>\t\t\t\t\t<\/a>\n\t\t\t\t<\/span>\n\t\t\t\t\t\t\t<span class=\"elementor-grid-item\" role=\"listitem\">\n\t\t\t\t\t<a class=\"elementor-icon elementor-social-icon elementor-social-icon-tiktok elementor-repeater-item-031af70\" href=\"https:\/\/www.tiktok.com\/@r.events.de?_t=ZN-8xTaUFqUtDa&#038;_r=1\" target=\"_blank\">\n\t\t\t\t\t\t<span class=\"elementor-screen-only\">Tiktok<\/span>\n\t\t\t\t\t\t<i aria-hidden=\"true\" class=\"fab fa-tiktok\"><\/i>\t\t\t\t\t<\/a>\n\t\t\t\t<\/span>\n\t\t\t\t\t<\/div>\n\t\t\t\t\t\t<\/div>\n\t\t\t\t<\/div>\n\t\t\t\t<div class=\"elementor-element elementor-element-29f4166 elementor-widget elementor-widget-image-gallery\" data-id=\"29f4166\" data-element_type=\"widget\" data-e-type=\"widget\" data-widget_type=\"image-gallery.default\">\n\t\t\t\t<div class=\"elementor-widget-container\">\n\t\t\t\t\t\t\t<div class=\"elementor-image-gallery\">\n\t\t\t\n<a data-elementor-open-lightbox=\"yes\" data-elementor-lightbox-slideshow=\"29f4166\" data-elementor-lightbox-title=\"a\" data-e-action-hash=\"#elementor-action%3Aaction%3Dlightbox%26settings%3DeyJpZCI6MjUxNywidXJsIjoiaHR0cHM6XC9cL3ItZXZlbnRzLm5ldFwva3VcL3dwLWNvbnRlbnRcL3VwbG9hZHNcLzIwMjVcLzA2XC9hLTQuanBnIiwic2xpZGVzaG93IjoiMjlmNDE2NiJ9\" href='https:\/\/r-events.net\/ku\/wp-content\/uploads\/2025\/06\/a-4.jpg'><img decoding=\"async\" width=\"600\" height=\"600\" src=\"data:image\/svg+xml,%3Csvg%20xmlns%3D&#39;http%3A%2F%2Fwww.w3.org%2F2000%2Fsvg&#39;%20width=&#39;600&#39;%20height=&#39;600&#39;%20viewBox%3D&#39;0%200%20600%20600&#39;%2F%3E\" data-czlz data-src=\"https:\/\/r-events.net\/ku\/wp-content\/uploads\/2025\/06\/a-4-600x600.jpg\" class=\"attachment-woocommerce_thumbnail size-woocommerce_thumbnail\" alt=\"\" data-srcset=\"https:\/\/r-events.net\/ku\/wp-content\/uploads\/2025\/06\/a-4-600x600.jpg 600w, https:\/\/r-events.net\/ku\/wp-content\/uploads\/2025\/06\/a-4-150x150.jpg 150w, https:\/\/r-events.net\/ku\/wp-content\/uploads\/2025\/06\/a-4-100x100.jpg 100w\" data-sizes=\"(max-width: 600px) 100vw, 600px\" \/><\/a>\n<a data-elementor-open-lightbox=\"yes\" data-elementor-lightbox-slideshow=\"29f4166\" data-elementor-lightbox-title=\"SivanKonzert (6)\" data-e-action-hash=\"#elementor-action%3Aaction%3Dlightbox%26settings%3DeyJpZCI6MjU0MiwidXJsIjoiaHR0cHM6XC9cL3ItZXZlbnRzLm5ldFwva3VcL3dwLWNvbnRlbnRcL3VwbG9hZHNcLzIwMjRcLzA2XC9TaXZhbktvbnplcnQtNi5qcGciLCJzbGlkZXNob3ciOiIyOWY0MTY2In0%3D\" href='https:\/\/r-events.net\/ku\/wp-content\/uploads\/2024\/06\/SivanKonzert-6.jpg'><img decoding=\"async\" width=\"600\" height=\"600\" src=\"data:image\/svg+xml,%3Csvg%20xmlns%3D&#39;http%3A%2F%2Fwww.w3.org%2F2000%2Fsvg&#39;%20width=&#39;600&#39;%20height=&#39;600&#39;%20viewBox%3D&#39;0%200%20600%20600&#39;%2F%3E\" data-czlz data-src=\"https:\/\/r-events.net\/ku\/wp-content\/uploads\/2024\/06\/SivanKonzert-6-600x600.jpg\" class=\"attachment-woocommerce_thumbnail size-woocommerce_thumbnail\" alt=\"\" data-srcset=\"https:\/\/r-events.net\/ku\/wp-content\/uploads\/2024\/06\/SivanKonzert-6-600x600.jpg 600w, https:\/\/r-events.net\/ku\/wp-content\/uploads\/2024\/06\/SivanKonzert-6-150x150.jpg 150w, https:\/\/r-events.net\/ku\/wp-content\/uploads\/2024\/06\/SivanKonzert-6-100x100.jpg 100w\" data-sizes=\"(max-width: 600px) 100vw, 600px\" \/><\/a>\n<a data-elementor-open-lightbox=\"yes\" data-elementor-lightbox-slideshow=\"29f4166\" data-elementor-lightbox-title=\"SivanKonzert (26)\" data-e-action-hash=\"#elementor-action%3Aaction%3Dlightbox%26settings%3DeyJpZCI6MjU0MCwidXJsIjoiaHR0cHM6XC9cL3ItZXZlbnRzLm5ldFwva3VcL3dwLWNvbnRlbnRcL3VwbG9hZHNcLzIwMjRcLzA2XC9TaXZhbktvbnplcnQtMjYuanBnIiwic2xpZGVzaG93IjoiMjlmNDE2NiJ9\" href='https:\/\/r-events.net\/ku\/wp-content\/uploads\/2024\/06\/SivanKonzert-26.jpg'><img loading=\"lazy\" decoding=\"async\" width=\"600\" height=\"600\" src=\"data:image\/svg+xml,%3Csvg%20xmlns%3D&#39;http%3A%2F%2Fwww.w3.org%2F2000%2Fsvg&#39;%20width=&#39;600&#39;%20height=&#39;600&#39;%20viewBox%3D&#39;0%200%20600%20600&#39;%2F%3E\" data-czlz data-src=\"https:\/\/r-events.net\/ku\/wp-content\/uploads\/2024\/06\/SivanKonzert-26-600x600.jpg\" class=\"attachment-woocommerce_thumbnail size-woocommerce_thumbnail\" alt=\"\" data-srcset=\"https:\/\/r-events.net\/ku\/wp-content\/uploads\/2024\/06\/SivanKonzert-26-600x600.jpg 600w, https:\/\/r-events.net\/ku\/wp-content\/uploads\/2024\/06\/SivanKonzert-26-150x150.jpg 150w, https:\/\/r-events.net\/ku\/wp-content\/uploads\/2024\/06\/SivanKonzert-26-100x100.jpg 100w\" data-sizes=\"(max-width: 600px) 100vw, 600px\" \/><\/a>\n<a data-elementor-open-lightbox=\"yes\" data-elementor-lightbox-slideshow=\"29f4166\" data-elementor-lightbox-title=\"SivanKonzert (28)\" data-e-action-hash=\"#elementor-action%3Aaction%3Dlightbox%26settings%3DeyJpZCI6MjU0MSwidXJsIjoiaHR0cHM6XC9cL3ItZXZlbnRzLm5ldFwva3VcL3dwLWNvbnRlbnRcL3VwbG9hZHNcLzIwMjRcLzA2XC9TaXZhbktvbnplcnQtMjguanBnIiwic2xpZGVzaG93IjoiMjlmNDE2NiJ9\" href='https:\/\/r-events.net\/ku\/wp-content\/uploads\/2024\/06\/SivanKonzert-28.jpg'><img loading=\"lazy\" decoding=\"async\" width=\"600\" height=\"600\" src=\"data:image\/svg+xml,%3Csvg%20xmlns%3D&#39;http%3A%2F%2Fwww.w3.org%2F2000%2Fsvg&#39;%20width=&#39;600&#39;%20height=&#39;600&#39;%20viewBox%3D&#39;0%200%20600%20600&#39;%2F%3E\" data-czlz data-src=\"https:\/\/r-events.net\/ku\/wp-content\/uploads\/2024\/06\/SivanKonzert-28-600x600.jpg\" class=\"attachment-woocommerce_thumbnail size-woocommerce_thumbnail\" alt=\"\" data-srcset=\"https:\/\/r-events.net\/ku\/wp-content\/uploads\/2024\/06\/SivanKonzert-28-600x600.jpg 600w, https:\/\/r-events.net\/ku\/wp-content\/uploads\/2024\/06\/SivanKonzert-28-150x150.jpg 150w, https:\/\/r-events.net\/ku\/wp-content\/uploads\/2024\/06\/SivanKonzert-28-100x100.jpg 100w\" data-sizes=\"(max-width: 600px) 100vw, 600px\" \/><\/a>\n<a data-elementor-open-lightbox=\"yes\" data-elementor-lightbox-slideshow=\"29f4166\" data-elementor-lightbox-title=\"SivanKonzert (20)\" data-e-action-hash=\"#elementor-action%3Aaction%3Dlightbox%26settings%3DeyJpZCI6MjUzOSwidXJsIjoiaHR0cHM6XC9cL3ItZXZlbnRzLm5ldFwva3VcL3dwLWNvbnRlbnRcL3VwbG9hZHNcLzIwMjRcLzA2XC9TaXZhbktvbnplcnQtMjAuanBnIiwic2xpZGVzaG93IjoiMjlmNDE2NiJ9\" href='https:\/\/r-events.net\/ku\/wp-content\/uploads\/2024\/06\/SivanKonzert-20.jpg'><img loading=\"lazy\" decoding=\"async\" width=\"600\" height=\"600\" src=\"data:image\/svg+xml,%3Csvg%20xmlns%3D&#39;http%3A%2F%2Fwww.w3.org%2F2000%2Fsvg&#39;%20width=&#39;600&#39;%20height=&#39;600&#39;%20viewBox%3D&#39;0%200%20600%20600&#39;%2F%3E\" data-czlz data-src=\"https:\/\/r-events.net\/ku\/wp-content\/uploads\/2024\/06\/SivanKonzert-20-600x600.jpg\" class=\"attachment-woocommerce_thumbnail size-woocommerce_thumbnail\" alt=\"\" data-srcset=\"https:\/\/r-events.net\/ku\/wp-content\/uploads\/2024\/06\/SivanKonzert-20-600x600.jpg 600w, https:\/\/r-events.net\/ku\/wp-content\/uploads\/2024\/06\/SivanKonzert-20-150x150.jpg 150w, https:\/\/r-events.net\/ku\/wp-content\/uploads\/2024\/06\/SivanKonzert-20-100x100.jpg 100w\" data-sizes=\"(max-width: 600px) 100vw, 600px\" \/><\/a>\n<a data-elementor-open-lightbox=\"yes\" data-elementor-lightbox-slideshow=\"29f4166\" data-elementor-lightbox-title=\"SivanKonzert (11)\" data-e-action-hash=\"#elementor-action%3Aaction%3Dlightbox%26settings%3DeyJpZCI6MjUzNywidXJsIjoiaHR0cHM6XC9cL3ItZXZlbnRzLm5ldFwva3VcL3dwLWNvbnRlbnRcL3VwbG9hZHNcLzIwMjRcLzA2XC9TaXZhbktvbnplcnQtMTEuanBnIiwic2xpZGVzaG93IjoiMjlmNDE2NiJ9\" href='https:\/\/r-events.net\/ku\/wp-content\/uploads\/2024\/06\/SivanKonzert-11.jpg'><img loading=\"lazy\" decoding=\"async\" width=\"600\" height=\"600\" src=\"data:image\/svg+xml,%3Csvg%20xmlns%3D&#39;http%3A%2F%2Fwww.w3.org%2F2000%2Fsvg&#39;%20width=&#39;600&#39;%20height=&#39;600&#39;%20viewBox%3D&#39;0%200%20600%20600&#39;%2F%3E\" data-czlz data-src=\"https:\/\/r-events.net\/ku\/wp-content\/uploads\/2024\/06\/SivanKonzert-11-600x600.jpg\" class=\"attachment-woocommerce_thumbnail size-woocommerce_thumbnail\" alt=\"\" data-srcset=\"https:\/\/r-events.net\/ku\/wp-content\/uploads\/2024\/06\/SivanKonzert-11-600x600.jpg 600w, https:\/\/r-events.net\/ku\/wp-content\/uploads\/2024\/06\/SivanKonzert-11-150x150.jpg 150w, https:\/\/r-events.net\/ku\/wp-content\/uploads\/2024\/06\/SivanKonzert-11-100x100.jpg 100w\" data-sizes=\"(max-width: 600px) 100vw, 600px\" \/><\/a>\n<a data-elementor-open-lightbox=\"yes\" data-elementor-lightbox-slideshow=\"29f4166\" data-elementor-lightbox-title=\"SivanKonzert (3)\" data-e-action-hash=\"#elementor-action%3Aaction%3Dlightbox%26settings%3DeyJpZCI6MjUzNiwidXJsIjoiaHR0cHM6XC9cL3ItZXZlbnRzLm5ldFwva3VcL3dwLWNvbnRlbnRcL3VwbG9hZHNcLzIwMjRcLzA2XC9TaXZhbktvbnplcnQtMy5qcGciLCJzbGlkZXNob3ciOiIyOWY0MTY2In0%3D\" href='https:\/\/r-events.net\/ku\/wp-content\/uploads\/2024\/06\/SivanKonzert-3.jpg'><img loading=\"lazy\" decoding=\"async\" width=\"600\" height=\"600\" src=\"data:image\/svg+xml,%3Csvg%20xmlns%3D&#39;http%3A%2F%2Fwww.w3.org%2F2000%2Fsvg&#39;%20width=&#39;600&#39;%20height=&#39;600&#39;%20viewBox%3D&#39;0%200%20600%20600&#39;%2F%3E\" data-czlz data-src=\"https:\/\/r-events.net\/ku\/wp-content\/uploads\/2024\/06\/SivanKonzert-3-600x600.jpg\" class=\"attachment-woocommerce_thumbnail size-woocommerce_thumbnail\" alt=\"\" data-srcset=\"https:\/\/r-events.net\/ku\/wp-content\/uploads\/2024\/06\/SivanKonzert-3-600x600.jpg 600w, https:\/\/r-events.net\/ku\/wp-content\/uploads\/2024\/06\/SivanKonzert-3-150x150.jpg 150w, https:\/\/r-events.net\/ku\/wp-content\/uploads\/2024\/06\/SivanKonzert-3-100x100.jpg 100w\" data-sizes=\"(max-width: 600px) 100vw, 600px\" \/><\/a>\n<a data-elementor-open-lightbox=\"yes\" data-elementor-lightbox-slideshow=\"29f4166\" data-elementor-lightbox-title=\"SivanKonzert (18)\" data-e-action-hash=\"#elementor-action%3Aaction%3Dlightbox%26settings%3DeyJpZCI6MjYyNCwidXJsIjoiaHR0cHM6XC9cL3ItZXZlbnRzLm5ldFwva3VcL3dwLWNvbnRlbnRcL3VwbG9hZHNcLzIwMjVcLzA2XC9TaXZhbktvbnplcnQtMTguanBnIiwic2xpZGVzaG93IjoiMjlmNDE2NiJ9\" href='https:\/\/r-events.net\/ku\/wp-content\/uploads\/2025\/06\/SivanKonzert-18.jpg'><img loading=\"lazy\" decoding=\"async\" width=\"600\" height=\"600\" src=\"data:image\/svg+xml,%3Csvg%20xmlns%3D&#39;http%3A%2F%2Fwww.w3.org%2F2000%2Fsvg&#39;%20width=&#39;600&#39;%20height=&#39;600&#39;%20viewBox%3D&#39;0%200%20600%20600&#39;%2F%3E\" data-czlz data-src=\"https:\/\/r-events.net\/ku\/wp-content\/uploads\/2025\/06\/SivanKonzert-18-600x600.jpg\" class=\"attachment-woocommerce_thumbnail size-woocommerce_thumbnail\" alt=\"\" data-srcset=\"https:\/\/r-events.net\/ku\/wp-content\/uploads\/2025\/06\/SivanKonzert-18-600x600.jpg 600w, https:\/\/r-events.net\/ku\/wp-content\/uploads\/2025\/06\/SivanKonzert-18-150x150.jpg 150w, https:\/\/r-events.net\/ku\/wp-content\/uploads\/2025\/06\/SivanKonzert-18-100x100.jpg 100w\" data-sizes=\"(max-width: 600px) 100vw, 600px\" \/><\/a>\n<a data-elementor-open-lightbox=\"yes\" data-elementor-lightbox-slideshow=\"29f4166\" data-elementor-lightbox-title=\"SivanKonzert (2)\" data-e-action-hash=\"#elementor-action%3Aaction%3Dlightbox%26settings%3DeyJpZCI6MjYyNiwidXJsIjoiaHR0cHM6XC9cL3ItZXZlbnRzLm5ldFwva3VcL3dwLWNvbnRlbnRcL3VwbG9hZHNcLzIwMjVcLzA2XC9TaXZhbktvbnplcnQtMi5qcGciLCJzbGlkZXNob3ciOiIyOWY0MTY2In0%3D\" href='https:\/\/r-events.net\/ku\/wp-content\/uploads\/2025\/06\/SivanKonzert-2.jpg'><img loading=\"lazy\" decoding=\"async\" width=\"600\" height=\"600\" src=\"data:image\/svg+xml,%3Csvg%20xmlns%3D&#39;http%3A%2F%2Fwww.w3.org%2F2000%2Fsvg&#39;%20width=&#39;600&#39;%20height=&#39;600&#39;%20viewBox%3D&#39;0%200%20600%20600&#39;%2F%3E\" data-czlz data-src=\"https:\/\/r-events.net\/ku\/wp-content\/uploads\/2025\/06\/SivanKonzert-2-600x600.jpg\" class=\"attachment-woocommerce_thumbnail size-woocommerce_thumbnail\" alt=\"\" data-srcset=\"https:\/\/r-events.net\/ku\/wp-content\/uploads\/2025\/06\/SivanKonzert-2-600x600.jpg 600w, https:\/\/r-events.net\/ku\/wp-content\/uploads\/2025\/06\/SivanKonzert-2-150x150.jpg 150w, https:\/\/r-events.net\/ku\/wp-content\/uploads\/2025\/06\/SivanKonzert-2-100x100.jpg 100w\" data-sizes=\"(max-width: 600px) 100vw, 600px\" \/><\/a>\n<a data-elementor-open-lightbox=\"yes\" data-elementor-lightbox-slideshow=\"29f4166\" data-elementor-lightbox-title=\"SivanKonzert (10)\" data-e-action-hash=\"#elementor-action%3Aaction%3Dlightbox%26settings%3DeyJpZCI6MjYyNSwidXJsIjoiaHR0cHM6XC9cL3ItZXZlbnRzLm5ldFwva3VcL3dwLWNvbnRlbnRcL3VwbG9hZHNcLzIwMjVcLzA2XC9TaXZhbktvbnplcnQtMTAuanBnIiwic2xpZGVzaG93IjoiMjlmNDE2NiJ9\" href='https:\/\/r-events.net\/ku\/wp-content\/uploads\/2025\/06\/SivanKonzert-10.jpg'><img loading=\"lazy\" decoding=\"async\" width=\"600\" height=\"600\" src=\"data:image\/svg+xml,%3Csvg%20xmlns%3D&#39;http%3A%2F%2Fwww.w3.org%2F2000%2Fsvg&#39;%20width=&#39;600&#39;%20height=&#39;600&#39;%20viewBox%3D&#39;0%200%20600%20600&#39;%2F%3E\" data-czlz data-src=\"https:\/\/r-events.net\/ku\/wp-content\/uploads\/2025\/06\/SivanKonzert-10-600x600.jpg\" class=\"attachment-woocommerce_thumbnail size-woocommerce_thumbnail\" alt=\"\" data-srcset=\"https:\/\/r-events.net\/ku\/wp-content\/uploads\/2025\/06\/SivanKonzert-10-600x600.jpg 600w, https:\/\/r-events.net\/ku\/wp-content\/uploads\/2025\/06\/SivanKonzert-10-150x150.jpg 150w, https:\/\/r-events.net\/ku\/wp-content\/uploads\/2025\/06\/SivanKonzert-10-100x100.jpg 100w\" data-sizes=\"(max-width: 600px) 100vw, 600px\" \/><\/a>\n\t\t<\/div>\n\t\t\t\t\t\t<\/div>\n\t\t\t\t<\/div>\n\t\t\t\t<\/div>\n\t\t<div class=\"elementor-element elementor-element-32f97e5 e-flex e-con-boxed e-con e-parent\" data-id=\"32f97e5\" data-element_type=\"container\" data-e-type=\"container\">\n\t\t\t\t\t<div class=\"e-con-inner\">\n\t\t\t\t\t<\/div>\n\t\t\t\t<\/div>\n\t\t<div class=\"elementor-element elementor-element-1e9d5b2 e-flex e-con-boxed e-con e-parent\" data-id=\"1e9d5b2\" data-element_type=\"container\" data-e-type=\"container\">\n\t\t\t\t\t<div class=\"e-con-inner\">\n\t\t\t\t\t<\/div>\n\t\t\t\t<\/div>\n\t\t<div class=\"elementor-element elementor-element-8111f6e e-flex e-con-boxed e-con e-parent\" data-id=\"8111f6e\" data-element_type=\"container\" data-e-type=\"container\">\n\t\t\t\t\t<div class=\"e-con-inner\">\n\t\t\t\t\t<\/div>\n\t\t\t\t<\/div>\n\t\t\t\t<\/div>\n\t\t","protected":false},"excerpt":{"rendered":"<p>P\u00eerozbah\u00eeya P\u00eanc\u00ee Sal\u00eeya huner\u00ee ya \u015eivan Perwer \u00ee, Li Flensburg\u00ea! Deutsches Haus \u2013 1&#8217;\u00ea Gulan\u00ea &#8230; <a class=\"cz_readmore\" href=\"https:\/\/r-events.net\/ku\/dance-first-think-later\/\"><i class=\"fa czico-189-arrows-1\" aria-hidden=\"true\"><\/i><span>Read More<\/span><\/a><\/p>\n","protected":false},"author":1,"featured_media":2406,"comment_status":"open","ping_status":"open","sticky":false,"template":"","format":"standard","meta":{"footnotes":""},"categories":[1],"tags":[26,30,32,35,36],"class_list":["post-74","post","type-post","status-publish","format-standard","has-post-thumbnail","hentry","category-uncategorized","tag-forward","tag-move","tag-project","tag-tip","tag-tips"],"_links":{"self":[{"href":"https:\/\/r-events.net\/ku\/wp-json\/wp\/v2\/posts\/74","targetHints":{"allow":["GET"]}}],"collection":[{"href":"https:\/\/r-events.net\/ku\/wp-json\/wp\/v2\/posts"}],"about":[{"href":"https:\/\/r-events.net\/ku\/wp-json\/wp\/v2\/types\/post"}],"author":[{"embeddable":true,"href":"https:\/\/r-events.net\/ku\/wp-json\/wp\/v2\/users\/1"}],"replies":[{"embeddable":true,"href":"https:\/\/r-events.net\/ku\/wp-json\/wp\/v2\/comments?post=74"}],"version-history":[{"count":31,"href":"https:\/\/r-events.net\/ku\/wp-json\/wp\/v2\/posts\/74\/revisions"}],"predecessor-version":[{"id":2774,"href":"https:\/\/r-events.net\/ku\/wp-json\/wp\/v2\/posts\/74\/revisions\/2774"}],"wp:featuredmedia":[{"embeddable":true,"href":"https:\/\/r-events.net\/ku\/wp-json\/wp\/v2\/media\/2406"}],"wp:attachment":[{"href":"https:\/\/r-events.net\/ku\/wp-json\/wp\/v2\/media?parent=74"}],"wp:term":[{"taxonomy":"category","embeddable":true,"href":"https:\/\/r-events.net\/ku\/wp-json\/wp\/v2\/categories?post=74"},{"taxonomy":"post_tag","embeddable":true,"href":"https:\/\/r-events.net\/ku\/wp-json\/wp\/v2\/tags?post=74"}],"curies":[{"name":"wp","href":"https:\/\/api.w.org\/{rel}","templated":true}]}}